[{"@context":"https:\/\/schema.org\/","@type":"Article","@id":"https:\/\/www.vedomie.sk\/silicon-valley-ide-do-vatikanu-aby-hovorili-o-technickej-etike\/#Article","mainEntityOfPage":"https:\/\/www.vedomie.sk\/silicon-valley-ide-do-vatikanu-aby-hovorili-o-technickej-etike\/","headline":"Silicon Valley ide do Vatik\u00e1nu, aby hovorili o technickej etike","name":"Silicon Valley ide do Vatik\u00e1nu, aby hovorili o technickej etike","description":"Vatik\u00e1n vo \u0161tvrtok spojil \u0165a\u017ek\u00fdch v\u00e1h Silicon Valley, laure\u00e1tov Nobelovej ceny a&nbsp;odborn\u00edkov na IT, aby prediskutovali etick\u00e9 vyu\u017e\u00edvanie digit\u00e1lnej technol\u00f3gie. Na stretnut\u00ed predstavite\u013e m\u00f4\u017ee poskytn\u00fa\u0165 materi\u00e1l pre pr\u00edpadn\u00fd p\u00e1pe\u017esk\u00fd dokument o&nbsp;umelej inteligencii. Na trojd\u0148ovej konferencii, ktor\u00fa predstavitelia uviedli ako prv\u00fa svojho druhu, sa z\u00fa\u010dast\u0148uj\u00fa ved\u00faci predstavitelia spolo\u010dnost\u00ed, ako s\u00fa Facebook, Mozilla a&nbsp;Western Digital, katol\u00edcki etici, [&hellip;]","datePublished":"2019-09-19","dateModified":"2024-01-30","author":{"@type":"Person","@id":"https:\/\/www.vedomie.sk\/author\/#Person","name":"","url":"https:\/\/www.vedomie.sk\/author\/","identifier":1,"image":{"@type":"ImageObject","@id":"https:\/\/secure.gravatar.com\/avatar\/dcb1aeb5e7d95014cdc92e76cf3c72f6b456579bf773ad0081803a6569ffc19c?s=96&d=mm&r=g","url":"https:\/\/secure.gravatar.com\/avatar\/dcb1aeb5e7d95014cdc92e76cf3c72f6b456579bf773ad0081803a6569ffc19c?s=96&d=mm&r=g","height":96,"width":96}},"publisher":{"@type":"Organization","name":"vedomie.sk","logo":{"@type":"ImageObject","@id":"\/logo.png","url":"\/logo.png","width":600,"height":60}},"image":{"@type":"ImageObject","@id":"https:\/\/www.vedomie.sk\/wp-content\/uploads\/img_a307272_w16832_t1570964738.jpg","url":"https:\/\/www.vedomie.sk\/wp-content\/uploads\/img_a307272_w16832_t1570964738.jpg","height":0,"width":0},"url":"https:\/\/www.vedomie.sk\/silicon-valley-ide-do-vatikanu-aby-hovorili-o-technickej-etike\/","about":["Www"],"wordCount":355,"articleBody":"Vatik\u00e1n vo \u0161tvrtok spojil \u0165a\u017ek\u00fdch v\u00e1h Silicon Valley, laure\u00e1tov Nobelovej ceny a&nbsp;odborn\u00edkov na IT, aby prediskutovali etick\u00e9 vyu\u017e\u00edvanie digit\u00e1lnej technol\u00f3gie. Na stretnut\u00ed predstavite\u013e m\u00f4\u017ee poskytn\u00fa\u0165 materi\u00e1l pre pr\u00edpadn\u00fd p\u00e1pe\u017esk\u00fd dokument o&nbsp;umelej inteligencii.Na trojd\u0148ovej konferencii, ktor\u00fa predstavitelia uviedli ako prv\u00fa svojho druhu, sa z\u00fa\u010dast\u0148uj\u00fa ved\u00faci predstavitelia spolo\u010dnost\u00ed, ako s\u00fa Facebook, Mozilla a&nbsp;Western Digital, katol\u00edcki etici, vl\u00e1dni regul\u00e1tori a&nbsp;investi\u010dn\u00ed bank\u00e1ri.&bdquo;Technologick\u00fd priemysel &#8230; mal luxus, aby si myslel, \u017ee ak\u00fdko\u013evek produkt, ktor\u00fd postavil, bol v\u0161eobecne prospe\u0161n\u00fd. To bol ist\u00fd \u010das zdie\u013ean\u00fd predpoklad,&ldquo; uviedla Mitchell Baker, v\u00fdkonn\u00e1 predsedn\u00ed\u010dka Mozilly v&nbsp;Mountain View v&nbsp;Kalifornii.&bdquo;Obranou bolo, \u017ee sloboda alebo \u013eudsk\u00fd v\u00fdraz bol stelesnen\u00fd v&nbsp;technol\u00f3gii vych\u00e1dzaj\u00facej zo Silicon Valley a&nbsp;bol nepochybne dobr\u00fd,&ldquo; uviedla.Zhroma\u017edenie sa kon\u00e1 uprostred vzostupu kybernetickej \u0161pion\u00e1\u017ee, nen\u00e1vistn\u00fdch prejavov online a&nbsp;zneu\u017eitia s\u00fakromn\u00fdch \u00fadajov a&nbsp;pr\u00edznakov, ktor\u00e9 sa odvetvie sna\u017e\u00ed reagova\u0165.Konferencia, ktorej otv\u00e1racia sch\u00f4dza bola otvoren\u00e1 pre m\u00e9di\u00e1 predt\u00fdm, ako prebehla za zatvoren\u00fdmi dverami, je posledn\u00fdm pr\u00edkladom \u0161t\u00e1tu, ktor\u00fd sa sna\u017e\u00ed zosta\u0165 pred krivkou v&nbsp;oblasti technol\u00f3gi\u00ed a&nbsp;soci\u00e1lnych ot\u00e1zok s&nbsp;cie\u013eom ovplyvni\u0165 hybn\u00e9 sily a&nbsp;otriasa\u010dky bud\u00facnosti, bez oh\u013eadu na to, ich n\u00e1bo\u017eenstv\u00e1.\u0160t\u00e1tny predstavitelia uviedli, \u017ee by mohli poskytn\u00fa\u0165 materi\u00e1l pre pr\u00edpadn\u00fa p\u00e1pe\u017esk\u00fa encykliku alebo p\u00e1pe\u017esky list \u010dlenom Cirkvi o&nbsp;AI, ke\u010f\u017ee stretnutia s&nbsp;vedcami pomohli formova\u0165 jeho dominantn\u00fa encykliku &bdquo;Laudato Si&ldquo; v&nbsp;roku 2015 o&nbsp;ochrane \u017eivotn\u00e9ho prostredia a&nbsp;glob\u00e1lnom otep\u013eovan\u00ed.Konferencia bude diskutova\u0165 o&nbsp;t\u00e9mach s&nbsp;IT \u017earg\u00f3nom, ktor\u00fd sa vo VT be\u017ene nepo\u010duje, ako s\u00fa algoritmy a&nbsp;blockchain.P\u00e1pe\u017e Franti\u0161ek sa m\u00e1 v&nbsp;piatok z\u00fa\u010dastni\u0165 tejto technologickej konferencie.                                                                                                                                                                                                                                                                                                                                                                                                "},{"@context":"https:\/\/schema.org\/","@type":"BreadcrumbList","itemListElement":[{"@type":"ListItem","position":1,"name":"Silicon Valley ide do Vatik\u00e1nu, aby hovorili o technickej etike","item":"https:\/\/www.vedomie.sk\/silicon-valley-ide-do-vatikanu-aby-hovorili-o-technickej-etike\/#breadcrumbitem"}]}]